{"id":1712,"date":"2017-11-15T14:22:47","date_gmt":"2017-11-15T13:22:47","guid":{"rendered":"http:\/\/www.kugelstoff.de\/blog\/?p=1712"},"modified":"2022-01-29T12:39:33","modified_gmt":"2022-01-29T11:39:33","slug":"straussenledertaschen-2","status":"publish","type":"post","link":"https:\/\/www.kugelstoff.de\/wp\/blog\/straussenledertaschen-2\/","title":{"rendered":"Strau\u00dfenledertaschen"},"content":{"rendered":"<p><a href=\"https:\/\/www.kugelstoff.de\/wp\/wp-content\/uploads\/2017\/11\/DSCN4135-e1511962303514.jpg\" rel=\"lightbox[1712]\"><img fetchpriority=\"high\" decoding=\"async\" class=\"alignleft wp-image-1714 size-medium\" src=\"https:\/\/www.kugelstoff.de\/wp\/wp-content\/uploads\/2017\/11\/DSCN4135-e1511962293541-300x222.jpg\" alt=\"\" width=\"300\" height=\"222\"><\/a>Alle Jahre wieder kann ich nun bereits sagen, stehen die Strau\u00dfenledertaschen auf meinem Arbeitsprogramm.<\/p>\n<p>Daf\u00fcr hatte ich bereits im August im Handarbeitshaus Gr\u00f6bern wundersch\u00f6ne Stoffe mit Gingkobl\u00e4ttern in den Farben Rot, Gr\u00fcn und Blau ergattert.<\/p>\n<p>Diese in Kombination mit schwarzem Strau\u00dfenleder&nbsp; ergeben edle Taschen, die f\u00fcr besondere Gelegenheiten taugen.<br style=\"clear: both;\"><\/p>\n<p><a href=\"https:\/\/www.kugelstoff.de\/wp\/wp-content\/uploads\/2017\/11\/DSCN4126-e1511962025452.jpg\" rel=\"lightbox[1712]\"><img decoding=\"async\" class=\"alignleft wp-image-1713 size-medium\" src=\"https:\/\/www.kugelstoff.de\/wp\/wp-content\/uploads\/2017\/11\/DSCN4126-e1511962015960-300x167.jpg\" alt=\"\" width=\"300\" height=\"167\"><\/a>Auch f\u00fcr eine Kundin des Strau\u00dfenhofes habe ich nach Wunschma\u00dfen eine Tasche gen\u00e4ht. Die Suche nach dem Stoffe gestaltete sich etwas schwierig, da ich den gew\u00fcnschten Stoff aus einer fr\u00fcheren Kollektion nicht mehr hatte. Letzt endlich haben wir gemeinsam einen sehr sch\u00f6nen Stoff herausgesucht und die Kundin kann sich nun an einer Wunschtasche erfreuen.<\/p>\n<p>&nbsp;<\/p>\n","protected":false},"excerpt":{"rendered":"<p>Alle Jahre wieder kann ich nun bereits sagen, stehen die Strau\u00dfenledertaschen auf meinem Arbeitsprogramm. Daf\u00fcr hatte ich bereits im August im Handarbeitshaus Gr\u00f6bern wundersch\u00f6ne Stoffe mit Gingkobl\u00e4ttern in den Farben Rot, Gr\u00fcn und Blau ergattert. Diese in Kombination mit schwarzem Strau\u00dfenleder&nbsp; ergeben edle Taschen, die f\u00fcr besondere Gelegenheiten taugen. Auch f\u00fcr eine Kundin des Strau\u00dfenhofes [&hellip;]<\/p>\n","protected":false},"author":2,"featured_media":0,"comment_status":"closed","ping_status":"open","sticky":false,"template":"","format":"standard","meta":{"footnotes":""},"categories":[1],"tags":[31,3],"class_list":["post-1712","post","type-post","status-publish","format-standard","hentry","category-allgemein","tag-straussenleder","tag-taschen"],"_links":{"self":[{"href":"https:\/\/www.kugelstoff.de\/wp\/wp-json\/wp\/v2\/posts\/1712","targetHints":{"allow":["GET"]}}],"collection":[{"href":"https:\/\/www.kugelstoff.de\/wp\/wp-json\/wp\/v2\/posts"}],"about":[{"href":"https:\/\/www.kugelstoff.de\/wp\/wp-json\/wp\/v2\/types\/post"}],"author":[{"embeddable":true,"href":"https:\/\/www.kugelstoff.de\/wp\/wp-json\/wp\/v2\/users\/2"}],"replies":[{"embeddable":true,"href":"https:\/\/www.kugelstoff.de\/wp\/wp-json\/wp\/v2\/comments?post=1712"}],"version-history":[{"count":4,"href":"https:\/\/www.kugelstoff.de\/wp\/wp-json\/wp\/v2\/posts\/1712\/revisions"}],"predecessor-version":[{"id":4600,"href":"https:\/\/www.kugelstoff.de\/wp\/wp-json\/wp\/v2\/posts\/1712\/revisions\/4600"}],"wp:attachment":[{"href":"https:\/\/www.kugelstoff.de\/wp\/wp-json\/wp\/v2\/media?parent=1712"}],"wp:term":[{"taxonomy":"category","embeddable":true,"href":"https:\/\/www.kugelstoff.de\/wp\/wp-json\/wp\/v2\/categories?post=1712"},{"taxonomy":"post_tag","embeddable":true,"href":"https:\/\/www.kugelstoff.de\/wp\/wp-json\/wp\/v2\/tags?post=1712"}],"curies":[{"name":"wp","href":"https:\/\/api.w.org\/{rel}","templated":true}]}}