{"id":1007,"date":"2016-06-20T18:46:09","date_gmt":"2016-06-20T16:46:09","guid":{"rendered":"http:\/\/www.kugelstoff.de\/blog\/?p=1007"},"modified":"2022-02-02T17:04:03","modified_gmt":"2022-02-02T16:04:03","slug":"jeanstasche-aus-rock","status":"publish","type":"post","link":"https:\/\/www.kugelstoff.de\/wp\/blog\/jeanstasche-aus-rock\/","title":{"rendered":"Jeanstasche aus Rock"},"content":{"rendered":"<p><a href=\"https:\/\/www.kugelstoff.de\/wp\/wp-content\/uploads\/2016\/06\/2016-1-e1466181687444.jpg\" rel=\"lightbox[1007]\"><img fetchpriority=\"high\" decoding=\"async\" class=\"alignleft wp-image-1008 size-medium\" src=\"https:\/\/www.kugelstoff.de\/wp\/wp-content\/uploads\/2016\/06\/2016-1-e1466181687444-182x300.jpg\" alt=\"2016 (1)\" width=\"182\" height=\"300\" srcset=\"https:\/\/www.kugelstoff.de\/wp\/wp-content\/uploads\/2016\/06\/2016-1-e1466181687444-182x300.jpg 182w, https:\/\/www.kugelstoff.de\/wp\/wp-content\/uploads\/2016\/06\/2016-1-e1466181687444-400x660.jpg 400w, https:\/\/www.kugelstoff.de\/wp\/wp-content\/uploads\/2016\/06\/2016-1-e1466181687444.jpg 408w\" sizes=\"(max-width: 182px) 100vw, 182px\" \/><\/a><a href=\"https:\/\/www.kugelstoff.de\/wp\/wp-content\/uploads\/2016\/06\/2016-3-e1466181782438.jpg\" rel=\"lightbox[1007]\"><img decoding=\"async\" class=\"alignleft wp-image-1009 size-medium\" src=\"https:\/\/www.kugelstoff.de\/wp\/wp-content\/uploads\/2016\/06\/2016-3-300x225.jpg\" alt=\"2016 (3)\" width=\"300\" height=\"225\"><\/a>Meine Kundin brachte mir ihren Jeansrock mit der Bitte daraus eine Tasche zu n\u00e4hen.<\/p>\n<p>Wir suchten einen sch\u00f6nen Stoff f\u00fcr das Innenfutter aus. Es ist einer meiner Lieblingsstoffe geworden: der mit den kunterbunten Fr\u00f6schen.<\/p>\n<p>Dann wurde noch ein passender Knopf f\u00fcr den Verschlussriegel gebraucht. In meiner Schatzkiste haben wir einen gefunden. Diesen hatte ich auf einer Urlaubsreise in der hintersten Ecke von Island, in den Ostfjorden, im gem\u00fctlichen <a href=\"https:\/\/goo.gl\/maps\/znjYCs3ksXA2\" target=\"_blank\" rel=\"noopener\">N\u00e4hcafe Nesb\u00e6r<\/a> in <a href=\"https:\/\/de.wikipedia.org\/wiki\/Neskaupsta%C3%B0ur\" target=\"_blank\" rel=\"noopener\">Neskaupsta\u00f0ur<\/a> entdeckt.<\/p>\n<p>Der Schultergurt ist 120 cm lang, sodass die Tasche gut \u00fcber die Schulter getragen werden kann. Im Innenbereich ist eine Rei\u00dfverschluss-Tasche, so k\u00f6nnen wichtige Dinge sicher verwahrt werden.<\/p>\n<p>Au\u00dfen ist die Tasche ganz schlicht, aber durch ihre gef\u00e4llige Form sehr sch\u00f6n.<\/p>\n<p><br style=\"clear: both;\"><\/p>\n","protected":false},"excerpt":{"rendered":"<p>Meine Kundin brachte mir ihren Jeansrock mit der Bitte daraus eine Tasche zu n\u00e4hen. Wir suchten einen sch\u00f6nen Stoff f\u00fcr das Innenfutter aus. Es ist einer meiner Lieblingsstoffe geworden: der mit den kunterbunten Fr\u00f6schen. Dann wurde noch ein passender Knopf f\u00fcr den Verschlussriegel gebraucht. In meiner Schatzkiste haben wir einen gefunden. Diesen hatte ich auf [&hellip;]<\/p>\n","protected":false},"author":2,"featured_media":0,"comment_status":"closed","ping_status":"open","sticky":false,"template":"","format":"standard","meta":{"footnotes":""},"categories":[1],"tags":[48,3],"class_list":["post-1007","post","type-post","status-publish","format-standard","hentry","category-allgemein","tag-jeans","tag-taschen"],"_links":{"self":[{"href":"https:\/\/www.kugelstoff.de\/wp\/wp-json\/wp\/v2\/posts\/1007","targetHints":{"allow":["GET"]}}],"collection":[{"href":"https:\/\/www.kugelstoff.de\/wp\/wp-json\/wp\/v2\/posts"}],"about":[{"href":"https:\/\/www.kugelstoff.de\/wp\/wp-json\/wp\/v2\/types\/post"}],"author":[{"embeddable":true,"href":"https:\/\/www.kugelstoff.de\/wp\/wp-json\/wp\/v2\/users\/2"}],"replies":[{"embeddable":true,"href":"https:\/\/www.kugelstoff.de\/wp\/wp-json\/wp\/v2\/comments?post=1007"}],"version-history":[{"count":15,"href":"https:\/\/www.kugelstoff.de\/wp\/wp-json\/wp\/v2\/posts\/1007\/revisions"}],"predecessor-version":[{"id":4925,"href":"https:\/\/www.kugelstoff.de\/wp\/wp-json\/wp\/v2\/posts\/1007\/revisions\/4925"}],"wp:attachment":[{"href":"https:\/\/www.kugelstoff.de\/wp\/wp-json\/wp\/v2\/media?parent=1007"}],"wp:term":[{"taxonomy":"category","embeddable":true,"href":"https:\/\/www.kugelstoff.de\/wp\/wp-json\/wp\/v2\/categories?post=1007"},{"taxonomy":"post_tag","embeddable":true,"href":"https:\/\/www.kugelstoff.de\/wp\/wp-json\/wp\/v2\/tags?post=1007"}],"curies":[{"name":"wp","href":"https:\/\/api.w.org\/{rel}","templated":true}]}}